{"id":791,"date":"2016-01-07T21:04:16","date_gmt":"2016-01-07T21:04:16","guid":{"rendered":"http:\/\/www.hear.fr\/sites\/atelierlivre\/?p=791"},"modified":"2023-01-11T13:53:27","modified_gmt":"2023-01-11T13:53:27","slug":"introduction-atelier-livre","status":"publish","type":"post","link":"http:\/\/www.hear.fr\/sites\/atelierlivre\/introduction-atelier-livre\/","title":{"rendered":"Introduction \u00e0 l&rsquo;atelier Livre 2015"},"content":{"rendered":"<p>Ce workshop a pour but d\u2019apporter aux \u00e9tudiants de 1<sup>\u00e8re<\/sup> ann\u00e9e \u00e0 la Haute \u00c9cole des Arts du Rhin un aper\u00e7u de la p\u00e9dagogie et de la dynamique de travail au sein de cet atelier. Il s\u2019adresse aux \u00e9tudiants particuli\u00e8rement int\u00e9ress\u00e9s au domaine du livre d\u2019artiste et de l\u2019\u00e9dition, et leur permet de mieux cibler leur choix d\u2019orientation pour la 2<sup>\u00e8me<\/sup> ann\u00e9e.<\/p>\n<p>Conception d&rsquo;un livre avec contenu photographique et texte. Tirage \u00e0 4 exemplaires.<\/p>\n<p>Enseignants:\u00a0H\u00e9l\u00e8ne Genvrin avec la collaboration de Pierre Speich (atelier Num\u00e9rique).<\/p>\n<script type=\"text\/javascript\">\/* <![CDATA[ *\/ psTimeout[0]=4000;psAutoplay[0]=false;psTrans[0]='fade';psLoop[0]=true;psSpeed[0]=400;\/* ]]> *\/<\/script>\n\t\t<div id=\"slideshow-wrapper0\" class=\"slideshow-wrapper clearfix\"><div id=\"portfolio-slideshow0\" class=\"portfolio-slideshow\">\n\t<div class=\"slideshow-next slideshow-content\">\n\t\t\t<a href=\"javascript: void(0);\" class=\"slideshow-next\"><img class=\"psp-active\" data-img=\"http:\/\/www.hear.fr\/sites\/atelierlivre\/wp-content\/uploads\/2016\/01\/P1250802-902x677.jpg\" src=\"http:\/\/www.hear.fr\/sites\/atelierlivre\/wp-content\/uploads\/2016\/01\/P1250802-902x677.jpg\" height=\"677\" width=\"902\" alt=\"P1250802\" \/><noscript><img src=\"http:\/\/www.hear.fr\/sites\/atelierlivre\/wp-content\/uploads\/2016\/01\/P1250802-902x677.jpg\" height=\"677\" width=\"902\" alt=\"P1250802\" \/><\/noscript><\/a><div class=\"slideshow-meta\"><p class=\"slideshow-caption\">Prends-la ta photo \/ Clara Luzolanu. C\u2019est une des premi\u00e8res phrases qui m\u2019est venue quand j\u2019ai commenc\u00e9 \u00e0 \u00e9crire le texte \u00e0 partir de ma s\u00e9lection de Polaro\u00efds. Des personnes qui ressentent cette g\u00eane quasi universelle lorsqu\u2019ils sont pris en photo, qu\u2019ils en ont conscience, qu\u2019ils ne l\u2019ont pas d\u00e9sir\u00e9 et qui se pr\u00eatent plus ou moins au jeu de pose; ou quand l\u2019attention port\u00e9e \u00e0 quelqu\u2019un et l\u2019inscription de cette attention sur un support devient une g\u00eane pour cette personne. Alors vient la r\u00e9signation ou le rejet, et c\u2019est ce refus qui est le th\u00e8me de mon livre.<\/p><\/div><\/div>\n\t\t\t<div class=\"not-first slideshow-next slideshow-content\">\n\t\t\t<a href=\"javascript: void(0);\" class=\"slideshow-next\"><img class=\"psp-active\" data-img=\"http:\/\/www.hear.fr\/sites\/atelierlivre\/wp-content\/uploads\/2016\/01\/P1250803-902x677.jpg\" src=\"http:\/\/www.hear.fr\/sites\/atelierlivre\/wp-content\/plugins\/portfolio-slideshow\/img\/tiny.png\" height=\"677\" width=\"902\" alt=\"P1250803\" \/><noscript><img src=\"http:\/\/www.hear.fr\/sites\/atelierlivre\/wp-content\/uploads\/2016\/01\/P1250803-902x677.jpg\" height=\"677\" width=\"902\" alt=\"P1250803\" \/><\/noscript><\/a><div class=\"slideshow-meta\"><p class=\"slideshow-caption\">Prends-la ta photo \/ Clara Luzolanu. C\u2019est une des premi\u00e8res phrases qui m\u2019est venue quand j\u2019ai commenc\u00e9 \u00e0 \u00e9crire le texte \u00e0 partir de ma s\u00e9lection de Polaro\u00efds. Des personnes qui ressentent cette g\u00eane quasi universelle lorsqu\u2019ils sont pris en photo, qu\u2019ils en ont conscience, qu\u2019ils ne l\u2019ont pas d\u00e9sir\u00e9 et qui se pr\u00eatent plus ou moins au jeu de pose; ou quand l\u2019attention port\u00e9e \u00e0 quelqu\u2019un et l\u2019inscription de cette attention sur un support devient une g\u00eane pour cette personne. Alors vient la r\u00e9signation ou le rejet, et c\u2019est ce refus qui est le th\u00e8me de mon livre.<\/p><\/div><\/div>\n\t\t\t<div class=\"not-first slideshow-next slideshow-content\">\n\t\t\t<a href=\"javascript: void(0);\" class=\"slideshow-next\"><img class=\"psp-active\" data-img=\"http:\/\/www.hear.fr\/sites\/atelierlivre\/wp-content\/uploads\/2016\/01\/P1250806-902x677.jpg\" src=\"http:\/\/www.hear.fr\/sites\/atelierlivre\/wp-content\/plugins\/portfolio-slideshow\/img\/tiny.png\" height=\"677\" width=\"902\" alt=\"P1250806\" \/><noscript><img src=\"http:\/\/www.hear.fr\/sites\/atelierlivre\/wp-content\/uploads\/2016\/01\/P1250806-902x677.jpg\" height=\"677\" width=\"902\" alt=\"P1250806\" \/><\/noscript><\/a><div class=\"slideshow-meta\"><p class=\"slideshow-caption\">Sous le pav\u00e9 les jasmins \/ In\u00e8s Hosni\u200b. Dans le climat actuel, une \u00e9loge du monde arabo-musulman o\u00f9 je d\u00e9cide de confronter d\u2019une part images fortes du Printemps arabe, d\u2019autre part oeuvres phares d\u2019artistes issus de pays ayant contribu\u00e9 \u00e0 cette R\u00e9volution. Le parall\u00e8le est mis en \u00e9vidence par un jeu de trames et de couleurs : les photos issues de la R\u00e9volution se voient tram\u00e9es en point, noir et blanc, tandis que celles issues d\u2019artistes sont tram\u00e9es en lignes, et la couleur choisie est un rouge brique rappelant les couleurs des villes marocaines. Pour ce qui est du livre, il devient un support l\u00e9ger (afin de laisser parler les images) et pr\u00e9cieux (afin d\u2019accompagner le propos d\u00e9licat), dont les pages de format diff\u00e9rents confrontent les images entre elles.<\/p><\/div><\/div>\n\t\t\t<div class=\"not-first slideshow-next slideshow-content\">\n\t\t\t<a href=\"javascript: void(0);\" class=\"slideshow-next\"><img class=\"psp-active\" data-img=\"http:\/\/www.hear.fr\/sites\/atelierlivre\/wp-content\/uploads\/2016\/01\/P1250807-902x677.jpg\" src=\"http:\/\/www.hear.fr\/sites\/atelierlivre\/wp-content\/plugins\/portfolio-slideshow\/img\/tiny.png\" height=\"677\" width=\"902\" alt=\"P1250807\" \/><noscript><img src=\"http:\/\/www.hear.fr\/sites\/atelierlivre\/wp-content\/uploads\/2016\/01\/P1250807-902x677.jpg\" height=\"677\" width=\"902\" alt=\"P1250807\" \/><\/noscript><\/a><div class=\"slideshow-meta\"><p class=\"slideshow-caption\">Sous le pav\u00e9 les jasmins \/ In\u00e8s Hosni\u200b. Dans le climat actuel, une \u00e9loge du monde arabo-musulman o\u00f9 je d\u00e9cide de confronter d\u2019une part images fortes du Printemps arabe, d\u2019autre part oeuvres phares d\u2019artistes issus de pays ayant contribu\u00e9 \u00e0 cette R\u00e9volution. Le parall\u00e8le est mis en \u00e9vidence par un jeu de trames et de couleurs : les photos issues de la R\u00e9volution se voient tram\u00e9es en point, noir et blanc, tandis que celles issues d\u2019artistes sont tram\u00e9es en lignes, et la couleur choisie est un rouge brique rappelant les couleurs des villes marocaines. Pour ce qui est du livre, il devient un support l\u00e9ger (afin de laisser parler les images) et pr\u00e9cieux (afin d\u2019accompagner le propos d\u00e9licat), dont les pages de format diff\u00e9rents confrontent les images entre elles.<\/p><\/div><\/div>\n\t\t\t<div class=\"not-first slideshow-next slideshow-content\">\n\t\t\t<a href=\"javascript: void(0);\" class=\"slideshow-next\"><img class=\"psp-active\" data-img=\"http:\/\/www.hear.fr\/sites\/atelierlivre\/wp-content\/uploads\/2016\/01\/P1250813-902x677.jpg\" src=\"http:\/\/www.hear.fr\/sites\/atelierlivre\/wp-content\/plugins\/portfolio-slideshow\/img\/tiny.png\" height=\"677\" width=\"902\" alt=\"P1250813\" \/><noscript><img src=\"http:\/\/www.hear.fr\/sites\/atelierlivre\/wp-content\/uploads\/2016\/01\/P1250813-902x677.jpg\" height=\"677\" width=\"902\" alt=\"P1250813\" \/><\/noscript><\/a><div class=\"slideshow-meta\"><p class=\"slideshow-caption\">Tribulations en r\u00e9-cr\u00e9ation \/ Mah\u00e9 Cabel. Ce livre est le prolongement d'un travail bas\u00e9 sur la r\u00e9-\u00e9criture automatique visuelle et textuelle, collages. Il confronte textes et images, que l'on peut lire comme bon nous semble avec deux carnets, l'un pour les textes, l'autre pour les images \u00e0 la\u00a0mani\u00e8re de\u00a0Cent mille milliards de po\u00e8mes de Raymond Queneau, avec un univers surr\u00e9aliste. \r\nL'id\u00e9e est de r\u00e9\u00e9crire d'autres histoires \u00e0 partir d'\u00e9l\u00e9ments pr\u00e9-existants, perturbation des sens, de la compr\u00e9hension. Le temps retrouv\u00e9 se confond avec le temps perdu. \r\nPour mettre en avant cette id\u00e9e de collage et de recomposition d\u2019\u00e9l\u00e9ments diverses j'ai utilis\u00e9 des papiers avec des couleurs et des grammages diff\u00e9rents, le livre\u00a0a une structure combinatoire, un peu comme un\u00a0puzzle.\u00a0C'est au\u00a0lecteur de d\u00e9ambuler \u00e0 travers le livre.  Ce livre serait pr\u00e9sent\u00e9 en m\u00eame temps qu'une \"exposition\" de ce travail, c'est un document, une m\u00e9moire.\u00a0 <\/p><\/div><\/div>\n\t\t\t<div class=\"not-first slideshow-next slideshow-content\">\n\t\t\t<a href=\"javascript: void(0);\" class=\"slideshow-next\"><img class=\"psp-active\" data-img=\"http:\/\/www.hear.fr\/sites\/atelierlivre\/wp-content\/uploads\/2016\/01\/P1250814-902x677.jpg\" src=\"http:\/\/www.hear.fr\/sites\/atelierlivre\/wp-content\/plugins\/portfolio-slideshow\/img\/tiny.png\" height=\"677\" width=\"902\" alt=\"P1250814\" \/><noscript><img src=\"http:\/\/www.hear.fr\/sites\/atelierlivre\/wp-content\/uploads\/2016\/01\/P1250814-902x677.jpg\" height=\"677\" width=\"902\" alt=\"P1250814\" \/><\/noscript><\/a><div class=\"slideshow-meta\"><p class=\"slideshow-caption\">Tribulations en r\u00e9-cr\u00e9ation \/ Mah\u00e9 Cabel. Ce livre est le prolongement d'un travail bas\u00e9 sur la r\u00e9-\u00e9criture automatique visuelle et textuelle, collages. Il confronte textes et images, que l'on peut lire comme bon nous semble avec deux carnets, l'un pour les textes, l'autre pour les images \u00e0 la\u00a0mani\u00e8re de\u00a0Cent mille milliards de po\u00e8mes de Raymond Queneau, avec un univers surr\u00e9aliste. \r\nL'id\u00e9e est de r\u00e9\u00e9crire d'autres histoires \u00e0 partir d'\u00e9l\u00e9ments pr\u00e9-existants, perturbation des sens, de la compr\u00e9hension. Le temps retrouv\u00e9 se confond avec le temps perdu. \r\nPour mettre en avant cette id\u00e9e de collage et de recomposition d\u2019\u00e9l\u00e9ments diverses j'ai utilis\u00e9 des papiers avec des couleurs et des grammages diff\u00e9rents, le livre\u00a0a une structure combinatoire, un peu comme un\u00a0puzzle.\u00a0C'est au\u00a0lecteur de d\u00e9ambuler \u00e0 travers le livre.  Ce livre serait pr\u00e9sent\u00e9 en m\u00eame temps qu'une \"exposition\" de ce travail, c'est un document, une m\u00e9moire.\u00a0 <\/p><\/div><\/div>\n\t\t\t<div class=\"not-first slideshow-next slideshow-content\">\n\t\t\t<a href=\"javascript: void(0);\" class=\"slideshow-next\"><img class=\"psp-active\" data-img=\"http:\/\/www.hear.fr\/sites\/atelierlivre\/wp-content\/uploads\/2016\/01\/P1250819-902x677.jpg\" src=\"http:\/\/www.hear.fr\/sites\/atelierlivre\/wp-content\/plugins\/portfolio-slideshow\/img\/tiny.png\" height=\"677\" width=\"902\" alt=\"P1250819\" \/><noscript><img src=\"http:\/\/www.hear.fr\/sites\/atelierlivre\/wp-content\/uploads\/2016\/01\/P1250819-902x677.jpg\" height=\"677\" width=\"902\" alt=\"P1250819\" \/><\/noscript><\/a><div class=\"slideshow-meta\"><p class=\"slideshow-caption\">Tribulations en r\u00e9-cr\u00e9ation \/ Mah\u00e9 Cabel. Ce livre est le prolongement d'un travail bas\u00e9 sur la r\u00e9-\u00e9criture automatique visuelle et textuelle, collages. Il confronte textes et images, que l'on peut lire comme bon nous semble avec deux carnets, l'un pour les textes, l'autre pour les images \u00e0 la\u00a0mani\u00e8re de\u00a0Cent mille milliards de po\u00e8mes de Raymond Queneau, avec un univers surr\u00e9aliste. \r\nL'id\u00e9e est de r\u00e9\u00e9crire d'autres histoires \u00e0 partir d'\u00e9l\u00e9ments pr\u00e9-existants, perturbation des sens, de la compr\u00e9hension. Le temps retrouv\u00e9 se confond avec le temps perdu. \r\nPour mettre en avant cette id\u00e9e de collage et de recomposition d\u2019\u00e9l\u00e9ments diverses j'ai utilis\u00e9 des papiers avec des couleurs et des grammages diff\u00e9rents, le livre\u00a0a une structure combinatoire, un peu comme un\u00a0puzzle.\u00a0C'est au\u00a0lecteur de d\u00e9ambuler \u00e0 travers le livre.  Ce livre serait pr\u00e9sent\u00e9 en m\u00eame temps qu'une \"exposition\" de ce travail, c'est un document, une m\u00e9moire.\u00a0 <\/p><\/div><\/div>\n\t\t\t<div class=\"not-first slideshow-next slideshow-content\">\n\t\t\t<a href=\"javascript: void(0);\" class=\"slideshow-next\"><img class=\"psp-active\" data-img=\"http:\/\/www.hear.fr\/sites\/atelierlivre\/wp-content\/uploads\/2016\/01\/P1250822-902x677.jpg\" src=\"http:\/\/www.hear.fr\/sites\/atelierlivre\/wp-content\/plugins\/portfolio-slideshow\/img\/tiny.png\" height=\"677\" width=\"902\" alt=\"P1250822\" \/><noscript><img src=\"http:\/\/www.hear.fr\/sites\/atelierlivre\/wp-content\/uploads\/2016\/01\/P1250822-902x677.jpg\" height=\"677\" width=\"902\" alt=\"P1250822\" \/><\/noscript><\/a><div class=\"slideshow-meta\"><p class=\"slideshow-caption\">Sans titre \/ De Emile Roulet. Les livres et mon p\u00e8re ont un point en commun majeur: les deux parlent en silence. Apr\u00e8s un AVC assez grave, mon p\u00e8re est devenu aphasique: il a du mal \u00e0 mettre des mots sur les choses. La communication \u00e9tant bien \u00e9videmment difficile, il trouva des moyens pour se faire comprendre. Avec des gestes, des regards et surtout avec enthousiasme, il rempla\u00e7a les mots par des images. \r\n\u00a0J\u2019ai d\u00e9cid\u00e9 de faire un livre o\u00f9 l\u2019on pourrait voir ce qu\u2019il d\u00e9crit, comprendre ses sujets de discussion, \u00e0 condition de pers\u00e9v\u00e9rer. Le dialogue devient possible si l\u2019interlocuteur aussi, fait un effort.<\/p><\/div><\/div>\n\t\t\t<div class=\"not-first slideshow-next slideshow-content\">\n\t\t\t<a href=\"javascript: void(0);\" class=\"slideshow-next\"><img class=\"psp-active\" data-img=\"http:\/\/www.hear.fr\/sites\/atelierlivre\/wp-content\/uploads\/2016\/01\/P1250823-902x677.jpg\" src=\"http:\/\/www.hear.fr\/sites\/atelierlivre\/wp-content\/plugins\/portfolio-slideshow\/img\/tiny.png\" height=\"677\" width=\"902\" alt=\"P1250823\" \/><noscript><img src=\"http:\/\/www.hear.fr\/sites\/atelierlivre\/wp-content\/uploads\/2016\/01\/P1250823-902x677.jpg\" height=\"677\" width=\"902\" alt=\"P1250823\" \/><\/noscript><\/a><div class=\"slideshow-meta\"><p class=\"slideshow-caption\">Sans titre \/ De Emile Roulet. Les livres et mon p\u00e8re ont un point en commun majeur: les deux parlent en silence. Apr\u00e8s un AVC assez grave, mon p\u00e8re est devenu aphasique: il a du mal \u00e0 mettre des mots sur les choses. La communication \u00e9tant bien \u00e9videmment difficile, il trouva des moyens pour se faire comprendre. Avec des gestes, des regards et surtout avec enthousiasme, il rempla\u00e7a les mots par des images. \r\n\u00a0J\u2019ai d\u00e9cid\u00e9 de faire un livre o\u00f9 l\u2019on pourrait voir ce qu\u2019il d\u00e9crit, comprendre ses sujets de discussion, \u00e0 condition de pers\u00e9v\u00e9rer. Le dialogue devient possible si l\u2019interlocuteur aussi, fait un effort.<\/p><\/div><\/div>\n\t\t\t<div class=\"not-first slideshow-next slideshow-content\">\n\t\t\t<a href=\"javascript: void(0);\" class=\"slideshow-next\"><img class=\"psp-active\" data-img=\"http:\/\/www.hear.fr\/sites\/atelierlivre\/wp-content\/uploads\/2016\/01\/P1250824-902x666.jpg\" src=\"http:\/\/www.hear.fr\/sites\/atelierlivre\/wp-content\/plugins\/portfolio-slideshow\/img\/tiny.png\" height=\"666\" width=\"902\" alt=\"P1250824\" \/><noscript><img src=\"http:\/\/www.hear.fr\/sites\/atelierlivre\/wp-content\/uploads\/2016\/01\/P1250824-902x666.jpg\" height=\"666\" width=\"902\" alt=\"P1250824\" \/><\/noscript><\/a><div class=\"slideshow-meta\"><p class=\"slideshow-caption\">Sans titre \/ De Emile Roulet. Les livres et mon p\u00e8re ont un point en commun majeur: les deux parlent en silence. Apr\u00e8s un AVC assez grave, mon p\u00e8re est devenu aphasique: il a du mal \u00e0 mettre des mots sur les choses. La communication \u00e9tant bien \u00e9videmment difficile, il trouva des moyens pour se faire comprendre. Avec des gestes, des regards et surtout avec enthousiasme, il rempla\u00e7a les mots par des images. \r\n\u00a0J\u2019ai d\u00e9cid\u00e9 de faire un livre o\u00f9 l\u2019on pourrait voir ce qu\u2019il d\u00e9crit, comprendre ses sujets de discussion, \u00e0 condition de pers\u00e9v\u00e9rer. Le dialogue devient possible si l\u2019interlocuteur aussi, fait un effort.<\/p><\/div><\/div>\n\t\t\t<div class=\"not-first slideshow-next slideshow-content\">\n\t\t\t<a href=\"javascript: void(0);\" class=\"slideshow-next\"><img class=\"psp-active\" data-img=\"http:\/\/www.hear.fr\/sites\/atelierlivre\/wp-content\/uploads\/2016\/01\/P1250554-902x603.jpg\" src=\"http:\/\/www.hear.fr\/sites\/atelierlivre\/wp-content\/plugins\/portfolio-slideshow\/img\/tiny.png\" height=\"603\" width=\"902\" alt=\"P1250554\" \/><noscript><img src=\"http:\/\/www.hear.fr\/sites\/atelierlivre\/wp-content\/uploads\/2016\/01\/P1250554-902x603.jpg\" height=\"603\" width=\"902\" alt=\"P1250554\" \/><\/noscript><\/a><div class=\"slideshow-meta\"><p class=\"slideshow-caption\">Macro-food \/ G\u00e9raldine Sprich. Ce livre personnel au format A5 en papier japonais \u00ab\u00a0Tosa Shi\u00a0\u00bb, reli\u00e9 avec du fils polyester, contient huit photos aux format A3 pli\u00e9es en quatre. Le choix de ce papier d\u2019apparence fragile au toucher velout\u00e9 permet de jouer avec la transparence et lui apporte un c\u00f4t\u00e9 intimiste. La reliure est visible, simple, sans ajout de colle et de couverture pour un rendu d\u00e9licat.\r\nIl s\u2019agit au d\u00e9part, d\u2019un projet personnel de macrophotographie imprim\u00e9 en grand format. Ici l\u2019affiche n\u2019est plus\u00a0 accroch\u00e9e au mur visible aux yeux de tous. La possibilit\u00e9 de d\u00e9plier chaque page apporte un aspect ludique et un effet de surprise pour un visiteur curieux.<\/p><\/div><\/div>\n\t\t\t<div class=\"not-first slideshow-next slideshow-content\">\n\t\t\t<a href=\"javascript: void(0);\" class=\"slideshow-next\"><img class=\"psp-active\" data-img=\"http:\/\/www.hear.fr\/sites\/atelierlivre\/wp-content\/uploads\/2016\/01\/P1250812-902x677.jpg\" src=\"http:\/\/www.hear.fr\/sites\/atelierlivre\/wp-content\/plugins\/portfolio-slideshow\/img\/tiny.png\" height=\"677\" width=\"902\" alt=\"P1250812\" \/><noscript><img src=\"http:\/\/www.hear.fr\/sites\/atelierlivre\/wp-content\/uploads\/2016\/01\/P1250812-902x677.jpg\" height=\"677\" width=\"902\" alt=\"P1250812\" \/><\/noscript><\/a><div class=\"slideshow-meta\"><p class=\"slideshow-caption\">Macro-food \/ G\u00e9raldine Sprich. Ce livre personnel au format A5 en papier japonais \u00ab\u00a0Tosa Shi\u00a0\u00bb, reli\u00e9 avec du fils polyester, contient huit photos aux format A3 pli\u00e9es en quatre. Le choix de ce papier d\u2019apparence fragile au toucher velout\u00e9 permet de jouer avec la transparence et lui apporte un c\u00f4t\u00e9 intimiste. La reliure est visible, simple, sans ajout de colle et de couverture pour un rendu d\u00e9licat.\r\nIl s\u2019agit au d\u00e9part, d\u2019un projet personnel de macrophotographie imprim\u00e9 en grand format. Ici l\u2019affiche n\u2019est plus\u00a0 accroch\u00e9e au mur visible aux yeux de tous. La possibilit\u00e9 de d\u00e9plier chaque page apporte un aspect ludique et un effet de surprise pour un visiteur curieux.<\/p><\/div><\/div>\n\t\t\t<div class=\"not-first slideshow-next slideshow-content\">\n\t\t\t<a href=\"javascript: void(0);\" class=\"slideshow-next\"><img class=\"psp-active\" data-img=\"http:\/\/www.hear.fr\/sites\/atelierlivre\/wp-content\/uploads\/2016\/01\/P1250826-902x677.jpg\" src=\"http:\/\/www.hear.fr\/sites\/atelierlivre\/wp-content\/plugins\/portfolio-slideshow\/img\/tiny.png\" height=\"677\" width=\"902\" alt=\"P1250826\" \/><noscript><img src=\"http:\/\/www.hear.fr\/sites\/atelierlivre\/wp-content\/uploads\/2016\/01\/P1250826-902x677.jpg\" height=\"677\" width=\"902\" alt=\"P1250826\" \/><\/noscript><\/a><div class=\"slideshow-meta\"><p class=\"slideshow-caption\">Nage en eau douce \/ Anouk Marilleau. Je propose de faire fonctionner des photographies de Ren HANG avec des images de v\u00e9g\u00e9taux et de fruits. Les associations en diptyques ne sont pas faites au hasard : on peut en effet tisser des ressemblances formelles, color\u00e9es ou de l\u2019ordre de l\u2019imaginaire entre les photos de nus \u00e9rotis\u00e9s et les formes organiques. Ainsi, l\u2019int\u00e9rieur d\u2019un pamplemousse peut prendre une dimension sexuelle d\u00e8s lors qu\u2019il est associ\u00e9e \u00e0 un pubis f\u00e9minin. La confrontation des v\u00e9g\u00e9taux et des nus invite par ailleurs \u00e0 p\u00e9n\u00e9trer un imaginaire et une ambiance particuli\u00e8re, qui oscille entre la po\u00e9sie des formes naturelles et la beaut\u00e9 charnelle des corps en mouvement. Le choix du papier, tr\u00e8s fin, ainsi que la mise en page et la reliure, sobres et douces, participent \u00e0 cet effet de volupt\u00e9. En parcourant le livre, on remarque rapidement qu\u2019une silhouette color\u00e9e se faufile dans la mince interstice des pages (engendr\u00e9e par la reliure \u00e0 la fran\u00e7aise). Le lecteur doit alors ouvrir d\u00e9licatement cette fente pour aller y chercher, du bout des doigts, un petit papier de couleur, sur lequel se trouve un texte sur les m\u00e9duses ; texte relativement anodin, qui, associ\u00e9 aux images pr\u00e9c\u00e9dentes\r\nprend une tournure ambigu\u00eb. On a alors la plaisante sensation d\u2019avoir entre les mains une surprise ou un secret, que l\u2019on s\u2019empresse de reposer bien \u00e0 sa place, pour le prochain.<\/p><\/div><\/div>\n\t\t\t<div class=\"not-first slideshow-next slideshow-content\">\n\t\t\t<a href=\"javascript: void(0);\" class=\"slideshow-next\"><img class=\"psp-active\" data-img=\"http:\/\/www.hear.fr\/sites\/atelierlivre\/wp-content\/uploads\/2016\/01\/P1250832-902x677.jpg\" src=\"http:\/\/www.hear.fr\/sites\/atelierlivre\/wp-content\/plugins\/portfolio-slideshow\/img\/tiny.png\" height=\"677\" width=\"902\" alt=\"P1250832\" \/><noscript><img src=\"http:\/\/www.hear.fr\/sites\/atelierlivre\/wp-content\/uploads\/2016\/01\/P1250832-902x677.jpg\" height=\"677\" width=\"902\" alt=\"P1250832\" \/><\/noscript><\/a><div class=\"slideshow-meta\"><p class=\"slideshow-caption\">Nage en eau douce \/ Anouk Marilleau. Je propose de faire fonctionner des photographies de Ren HANG avec des images de v\u00e9g\u00e9taux et de fruits. Les associations en diptyques ne sont pas faites au hasard : on peut en effet tisser des ressemblances formelles, color\u00e9es ou de l\u2019ordre de l\u2019imaginaire entre les photos de nus \u00e9rotis\u00e9s et les formes organiques. Ainsi, l\u2019int\u00e9rieur d\u2019un pamplemousse peut prendre une dimension sexuelle d\u00e8s lors qu\u2019il est associ\u00e9e \u00e0 un pubis f\u00e9minin. La confrontation des v\u00e9g\u00e9taux et des nus invite par ailleurs \u00e0 p\u00e9n\u00e9trer un imaginaire et une ambiance particuli\u00e8re, qui oscille entre la po\u00e9sie des formes naturelles et la beaut\u00e9 charnelle des corps en mouvement. Le choix du papier, tr\u00e8s fin, ainsi que la mise en page et la reliure, sobres et douces, participent \u00e0 cet effet de volupt\u00e9. En parcourant le livre, on remarque rapidement qu\u2019une silhouette color\u00e9e se faufile dans la mince interstice des pages (engendr\u00e9e par la reliure \u00e0 la fran\u00e7aise). Le lecteur doit alors ouvrir d\u00e9licatement cette fente pour aller y chercher, du bout des doigts, un petit papier de couleur, sur lequel se trouve un texte sur les m\u00e9duses ; texte relativement anodin, qui, associ\u00e9 aux images pr\u00e9c\u00e9dentes\r\nprend une tournure ambigu\u00eb. On a alors la plaisante sensation d\u2019avoir entre les mains une surprise ou un secret, que l\u2019on s\u2019empresse de reposer bien \u00e0 sa place, pour le prochain.<\/p><\/div><\/div>\n\t\t\t<div class=\"not-first slideshow-next slideshow-content\">\n\t\t\t<a href=\"javascript: void(0);\" class=\"slideshow-next\"><img class=\"psp-active\" data-img=\"http:\/\/www.hear.fr\/sites\/atelierlivre\/wp-content\/uploads\/2016\/01\/P1250829-902x677.jpg\" src=\"http:\/\/www.hear.fr\/sites\/atelierlivre\/wp-content\/plugins\/portfolio-slideshow\/img\/tiny.png\" height=\"677\" width=\"902\" alt=\"P1250829\" \/><noscript><img src=\"http:\/\/www.hear.fr\/sites\/atelierlivre\/wp-content\/uploads\/2016\/01\/P1250829-902x677.jpg\" height=\"677\" width=\"902\" alt=\"P1250829\" \/><\/noscript><\/a><div class=\"slideshow-meta\"><p class=\"slideshow-caption\">Nage en eau douce \/ Anouk Marilleau. Je propose de faire fonctionner des photographies de Ren HANG avec des images de v\u00e9g\u00e9taux et de fruits. Les associations en diptyques ne sont pas faites au hasard : on peut en effet tisser des ressemblances formelles, color\u00e9es ou de l\u2019ordre de l\u2019imaginaire entre les photos de nus \u00e9rotis\u00e9s et les formes organiques. Ainsi, l\u2019int\u00e9rieur d\u2019un pamplemousse peut prendre une dimension sexuelle d\u00e8s lors qu\u2019il est associ\u00e9e \u00e0 un pubis f\u00e9minin. La confrontation des v\u00e9g\u00e9taux et des nus invite par ailleurs \u00e0 p\u00e9n\u00e9trer un imaginaire et une ambiance particuli\u00e8re, qui oscille entre la po\u00e9sie des formes naturelles et la beaut\u00e9 charnelle des corps en mouvement. Le choix du papier, tr\u00e8s fin, ainsi que la mise en page et la reliure, sobres et douces, participent \u00e0 cet effet de volupt\u00e9. En parcourant le livre, on remarque rapidement qu\u2019une silhouette color\u00e9e se faufile dans la mince interstice des pages (engendr\u00e9e par la reliure \u00e0 la fran\u00e7aise). Le lecteur doit alors ouvrir d\u00e9licatement cette fente pour aller y chercher, du bout des doigts, un petit papier de couleur, sur lequel se trouve un texte sur les m\u00e9duses ; texte relativement anodin, qui, associ\u00e9 aux images pr\u00e9c\u00e9dentes\r\nprend une tournure ambigu\u00eb. On a alors la plaisante sensation d\u2019avoir entre les mains une surprise ou un secret, que l\u2019on s\u2019empresse de reposer bien \u00e0 sa place, pour le prochain.<\/p><\/div><\/div>\n\t\t\t<div class=\"not-first slideshow-next slideshow-content\">\n\t\t\t<a href=\"javascript: void(0);\" class=\"slideshow-next\"><img class=\"psp-active\" data-img=\"http:\/\/www.hear.fr\/sites\/atelierlivre\/wp-content\/uploads\/2016\/01\/P1250836-902x677.jpg\" src=\"http:\/\/www.hear.fr\/sites\/atelierlivre\/wp-content\/plugins\/portfolio-slideshow\/img\/tiny.png\" height=\"677\" width=\"902\" alt=\"P1250836\" \/><noscript><img src=\"http:\/\/www.hear.fr\/sites\/atelierlivre\/wp-content\/uploads\/2016\/01\/P1250836-902x677.jpg\" height=\"677\" width=\"902\" alt=\"P1250836\" \/><\/noscript><\/a><div class=\"slideshow-meta\"><p class=\"slideshow-caption\">Correspondances \/ Gabrielle D\u2019Alessandro. Une correspondance pour panser une s\u00e9paration. Une correspondance entre deux personnes. Une correspondance entre l\u2019\u00c9criture et l\u2019Image.\r\nUn livre dont on peut choisir ce qu\u2019on voit et ce que l\u2019on envoie \u00e0 quelqu\u2019un d\u2019autre. Un livre qui se d\u00e9plie et s\u2019ouvre comme une fen\u00eatre \u00e0 demi-ouverte sur l\u2019intimit\u00e9. Des correspondances.<\/p><\/div><\/div>\n\t\t\t<div class=\"not-first slideshow-next slideshow-content\">\n\t\t\t<a href=\"javascript: void(0);\" class=\"slideshow-next\"><img class=\"psp-active\" data-img=\"http:\/\/www.hear.fr\/sites\/atelierlivre\/wp-content\/uploads\/2016\/01\/P1250834-902x677.jpg\" src=\"http:\/\/www.hear.fr\/sites\/atelierlivre\/wp-content\/plugins\/portfolio-slideshow\/img\/tiny.png\" height=\"677\" width=\"902\" alt=\"P1250834\" \/><noscript><img src=\"http:\/\/www.hear.fr\/sites\/atelierlivre\/wp-content\/uploads\/2016\/01\/P1250834-902x677.jpg\" height=\"677\" width=\"902\" alt=\"P1250834\" \/><\/noscript><\/a><div class=\"slideshow-meta\"><p class=\"slideshow-caption\">Correspondances \/ Gabrielle D\u2019Alessandro. Une correspondance pour panser une s\u00e9paration. Une correspondance entre deux personnes. Une correspondance entre l\u2019\u00c9criture et l\u2019Image.\r\nUn livre dont on peut choisir ce qu\u2019on voit et ce que l\u2019on envoie \u00e0 quelqu\u2019un d\u2019autre. Un livre qui se d\u00e9plie et s\u2019ouvre comme une fen\u00eatre \u00e0 demi-ouverte sur l\u2019intimit\u00e9. Des correspondances.<\/p><\/div><\/div>\n\t\t\t<div class=\"not-first slideshow-next slideshow-content\">\n\t\t\t<a href=\"javascript: void(0);\" class=\"slideshow-next\"><img class=\"psp-active\" data-img=\"http:\/\/www.hear.fr\/sites\/atelierlivre\/wp-content\/uploads\/2016\/01\/P1250837-902x677.jpg\" src=\"http:\/\/www.hear.fr\/sites\/atelierlivre\/wp-content\/plugins\/portfolio-slideshow\/img\/tiny.png\" height=\"677\" width=\"902\" alt=\"P1250837\" \/><noscript><img src=\"http:\/\/www.hear.fr\/sites\/atelierlivre\/wp-content\/uploads\/2016\/01\/P1250837-902x677.jpg\" height=\"677\" width=\"902\" alt=\"P1250837\" \/><\/noscript><\/a><div class=\"slideshow-meta\"><p class=\"slideshow-caption\">Vertige \/ Margaux Montfort. Avec ce livre, j\u2019ai voulu travailler sur la sensation de vertige, de tourbillon et de confusion gr\u00e2ce \u00e0 un jeu photographique et typographique. J\u2019ai cr\u00e9\u00e9 huit leporellos. Au recto se trouvent des photos que j\u2019ai moi-m\u00eame prises puis modifi\u00e9es sur Photoshop pour cr\u00e9er un effet de tourbillon. Au verso sont imprim\u00e9s de mani\u00e8re lisible les vers d\u2019un po\u00e8me de Baudelaire, Harmonie du soir, qui traite de l\u2019id\u00e9e de vertige. Sur chaque leporello vient se d\u00e9poser son double en tri ac\u00e9tate sur lequel sont imprim\u00e9s les m\u00eames qui sont cette fois-ci compl\u00e8tement illisibles. L\u2019id\u00e9e est d\u2019avoir entre les mains un objet\/livre qu\u2019on doit manipuler, d\u00e9construire, retourner pour comprendre l\u2019histoire qu\u2019il raconte et ainsi retrouver l\u2019id\u00e9e de vertige et de confusion.<\/p><\/div><\/div>\n\t\t\t<div class=\"not-first slideshow-next slideshow-content\">\n\t\t\t<a href=\"javascript: void(0);\" class=\"slideshow-next\"><img class=\"psp-active\" data-img=\"http:\/\/www.hear.fr\/sites\/atelierlivre\/wp-content\/uploads\/2016\/01\/P1250842-902x677.jpg\" src=\"http:\/\/www.hear.fr\/sites\/atelierlivre\/wp-content\/plugins\/portfolio-slideshow\/img\/tiny.png\" height=\"677\" width=\"902\" alt=\"P1250842\" \/><noscript><img src=\"http:\/\/www.hear.fr\/sites\/atelierlivre\/wp-content\/uploads\/2016\/01\/P1250842-902x677.jpg\" height=\"677\" width=\"902\" alt=\"P1250842\" \/><\/noscript><\/a><div class=\"slideshow-meta\"><p class=\"slideshow-caption\">Vertige \/ Margaux Montfort. Avec ce livre, j\u2019ai voulu travailler sur la sensation de vertige, de tourbillon et de confusion gr\u00e2ce \u00e0 un jeu photographique et typographique. J\u2019ai cr\u00e9\u00e9 huit leporellos. Au recto se trouvent des photos que j\u2019ai moi-m\u00eame prises puis modifi\u00e9es sur Photoshop pour cr\u00e9er un effet de tourbillon. Au verso sont imprim\u00e9s de mani\u00e8re lisible les vers d\u2019un po\u00e8me de Baudelaire, Harmonie du soir, qui traite de l\u2019id\u00e9e de vertige. Sur chaque leporello vient se d\u00e9poser son double en tri ac\u00e9tate sur lequel sont imprim\u00e9s les m\u00eames qui sont cette fois-ci compl\u00e8tement illisibles. L\u2019id\u00e9e est d\u2019avoir entre les mains un objet\/livre qu\u2019on doit manipuler, d\u00e9construire, retourner pour comprendre l\u2019histoire qu\u2019il raconte et ainsi retrouver l\u2019id\u00e9e de vertige et de confusion.<\/p><\/div><\/div>\n\t\t\t<div class=\"not-first slideshow-next slideshow-content\">\n\t\t\t<a href=\"javascript: void(0);\" class=\"slideshow-next\"><img class=\"psp-active\" data-img=\"http:\/\/www.hear.fr\/sites\/atelierlivre\/wp-content\/uploads\/2016\/01\/P1250808-902x677.jpg\" src=\"http:\/\/www.hear.fr\/sites\/atelierlivre\/wp-content\/plugins\/portfolio-slideshow\/img\/tiny.png\" height=\"677\" width=\"902\" alt=\"P1250808\" \/><noscript><img src=\"http:\/\/www.hear.fr\/sites\/atelierlivre\/wp-content\/uploads\/2016\/01\/P1250808-902x677.jpg\" height=\"677\" width=\"902\" alt=\"P1250808\" \/><\/noscript><\/a><div class=\"slideshow-meta\"><\/div><\/div>\n\t\t\t<div class=\"not-first slideshow-next slideshow-content\">\n\t\t\t<a href=\"javascript: void(0);\" class=\"slideshow-next\"><img class=\"psp-active\" data-img=\"http:\/\/www.hear.fr\/sites\/atelierlivre\/wp-content\/uploads\/2016\/01\/P1250810-902x677.jpg\" src=\"http:\/\/www.hear.fr\/sites\/atelierlivre\/wp-content\/plugins\/portfolio-slideshow\/img\/tiny.png\" height=\"677\" width=\"902\" alt=\"P1250810\" \/><noscript><img src=\"http:\/\/www.hear.fr\/sites\/atelierlivre\/wp-content\/uploads\/2016\/01\/P1250810-902x677.jpg\" height=\"677\" width=\"902\" alt=\"P1250810\" \/><\/noscript><\/a><div class=\"slideshow-meta\"><\/div><\/div>\n\t\t\t<div class=\"not-first slideshow-next slideshow-content\">\n\t\t\t<a href=\"javascript: void(0);\" class=\"slideshow-next\"><img class=\"psp-active\" data-img=\"http:\/\/www.hear.fr\/sites\/atelierlivre\/wp-content\/uploads\/2016\/01\/P1250845-902x677.jpg\" src=\"http:\/\/www.hear.fr\/sites\/atelierlivre\/wp-content\/plugins\/portfolio-slideshow\/img\/tiny.png\" height=\"677\" width=\"902\" alt=\"P1250845\" \/><noscript><img src=\"http:\/\/www.hear.fr\/sites\/atelierlivre\/wp-content\/uploads\/2016\/01\/P1250845-902x677.jpg\" height=\"677\" width=\"902\" alt=\"P1250845\" \/><\/noscript><\/a><div class=\"slideshow-meta\"><p class=\"slideshow-caption\">Totem \/ D\u00e9borah Gabeloux. Je travaille actuellement sur la sexualit\u00e9, plus particuli\u00e8rement sur les objets qui y sont li\u00e9s: les sex-toys. J'ai donc choisi des images de vibromasseurs pour le livre que j'ai r\u00e9alis\u00e9. Mon parti-pris est de les montrer de fa\u00e7on d\u00e9cal\u00e9e. Ils passent du statut d'objet tabou \u00e0 celui de totem, objet magique, et deviennent presque des \u0153uvres d'art. C'est au lecteur de faire le lien entre les images et les mots, d'imaginer.\r\nLe livre se veut sobre et \u00e9l\u00e9gant, comme s'il devait accompagner une exposition.<\/p><\/div><\/div>\n\t\t\t<\/div><!--#portfolio-slideshow--><div class=\"pscarousel\"><div id=\"pager0\" class=\"pager items clearfix\"><img width=\"300\" height=\"300\" src=\"http:\/\/www.hear.fr\/sites\/atelierlivre\/wp-content\/uploads\/2016\/01\/P1250802-300x300.jpg\" class=\"attachment-thumbnail size-thumbnail\" alt=\"\" loading=\"lazy\" \/><img width=\"300\" height=\"300\" src=\"http:\/\/www.hear.fr\/sites\/atelierlivre\/wp-content\/uploads\/2016\/01\/P1250803-300x300.jpg\" class=\"attachment-thumbnail size-thumbnail\" alt=\"\" loading=\"lazy\" \/><img width=\"300\" height=\"300\" src=\"http:\/\/www.hear.fr\/sites\/atelierlivre\/wp-content\/uploads\/2016\/01\/P1250806-300x300.jpg\" class=\"attachment-thumbnail size-thumbnail\" alt=\"\" loading=\"lazy\" \/><img width=\"300\" height=\"300\" src=\"http:\/\/www.hear.fr\/sites\/atelierlivre\/wp-content\/uploads\/2016\/01\/P1250807-300x300.jpg\" class=\"attachment-thumbnail size-thumbnail\" alt=\"\" loading=\"lazy\" \/><img width=\"300\" height=\"300\" src=\"http:\/\/www.hear.fr\/sites\/atelierlivre\/wp-content\/uploads\/2016\/01\/P1250813-300x300.jpg\" class=\"attachment-thumbnail size-thumbnail\" alt=\"\" loading=\"lazy\" \/><img width=\"300\" height=\"300\" src=\"http:\/\/www.hear.fr\/sites\/atelierlivre\/wp-content\/uploads\/2016\/01\/P1250814-300x300.jpg\" class=\"attachment-thumbnail size-thumbnail\" alt=\"\" loading=\"lazy\" \/><img width=\"300\" height=\"300\" src=\"http:\/\/www.hear.fr\/sites\/atelierlivre\/wp-content\/uploads\/2016\/01\/P1250819-300x300.jpg\" class=\"attachment-thumbnail size-thumbnail\" alt=\"\" loading=\"lazy\" \/><img width=\"300\" height=\"300\" src=\"http:\/\/www.hear.fr\/sites\/atelierlivre\/wp-content\/uploads\/2016\/01\/P1250822-300x300.jpg\" class=\"attachment-thumbnail size-thumbnail\" alt=\"\" loading=\"lazy\" \/><img width=\"300\" height=\"300\" src=\"http:\/\/www.hear.fr\/sites\/atelierlivre\/wp-content\/uploads\/2016\/01\/P1250823-300x300.jpg\" class=\"attachment-thumbnail size-thumbnail\" alt=\"\" loading=\"lazy\" \/><img width=\"300\" height=\"300\" src=\"http:\/\/www.hear.fr\/sites\/atelierlivre\/wp-content\/uploads\/2016\/01\/P1250824-300x300.jpg\" class=\"attachment-thumbnail size-thumbnail\" alt=\"\" loading=\"lazy\" \/><img width=\"300\" height=\"300\" src=\"http:\/\/www.hear.fr\/sites\/atelierlivre\/wp-content\/uploads\/2016\/01\/P1250554-300x300.jpg\" class=\"attachment-thumbnail size-thumbnail\" alt=\"\" loading=\"lazy\" \/><img width=\"300\" height=\"300\" src=\"http:\/\/www.hear.fr\/sites\/atelierlivre\/wp-content\/uploads\/2016\/01\/P1250812-300x300.jpg\" class=\"attachment-thumbnail size-thumbnail\" alt=\"\" loading=\"lazy\" \/><img width=\"300\" height=\"300\" src=\"http:\/\/www.hear.fr\/sites\/atelierlivre\/wp-content\/uploads\/2016\/01\/P1250826-300x300.jpg\" class=\"attachment-thumbnail size-thumbnail\" alt=\"\" loading=\"lazy\" \/><img width=\"300\" height=\"300\" src=\"http:\/\/www.hear.fr\/sites\/atelierlivre\/wp-content\/uploads\/2016\/01\/P1250832-300x300.jpg\" class=\"attachment-thumbnail size-thumbnail\" alt=\"\" loading=\"lazy\" \/><img width=\"300\" height=\"300\" src=\"http:\/\/www.hear.fr\/sites\/atelierlivre\/wp-content\/uploads\/2016\/01\/P1250829-300x300.jpg\" class=\"attachment-thumbnail size-thumbnail\" alt=\"\" loading=\"lazy\" \/><img width=\"300\" height=\"300\" src=\"http:\/\/www.hear.fr\/sites\/atelierlivre\/wp-content\/uploads\/2016\/01\/P1250836-300x300.jpg\" class=\"attachment-thumbnail size-thumbnail\" alt=\"\" loading=\"lazy\" \/><img width=\"300\" height=\"300\" src=\"http:\/\/www.hear.fr\/sites\/atelierlivre\/wp-content\/uploads\/2016\/01\/P1250834-300x300.jpg\" class=\"attachment-thumbnail size-thumbnail\" alt=\"\" loading=\"lazy\" \/><img width=\"300\" height=\"300\" src=\"http:\/\/www.hear.fr\/sites\/atelierlivre\/wp-content\/uploads\/2016\/01\/P1250837-300x300.jpg\" class=\"attachment-thumbnail size-thumbnail\" alt=\"\" loading=\"lazy\" \/><img width=\"300\" height=\"300\" src=\"http:\/\/www.hear.fr\/sites\/atelierlivre\/wp-content\/uploads\/2016\/01\/P1250842-300x300.jpg\" class=\"attachment-thumbnail size-thumbnail\" alt=\"\" loading=\"lazy\" \/><img width=\"300\" height=\"300\" src=\"http:\/\/www.hear.fr\/sites\/atelierlivre\/wp-content\/uploads\/2016\/01\/P1250808-300x300.jpg\" class=\"attachment-thumbnail size-thumbnail\" alt=\"\" loading=\"lazy\" \/><img width=\"300\" height=\"300\" src=\"http:\/\/www.hear.fr\/sites\/atelierlivre\/wp-content\/uploads\/2016\/01\/P1250810-300x300.jpg\" class=\"attachment-thumbnail size-thumbnail\" alt=\"\" loading=\"lazy\" \/><img width=\"300\" height=\"300\" src=\"http:\/\/www.hear.fr\/sites\/atelierlivre\/wp-content\/uploads\/2016\/01\/P1250845-300x300.jpg\" class=\"attachment-thumbnail size-thumbnail\" alt=\"\" loading=\"lazy\" \/><\/div><\/div><\/div><!--#slideshow-wrapper-->\n","protected":false},"excerpt":{"rendered":"<p>Ce workshop a pour but d\u2019apporter aux \u00e9tudiants de 1\u00e8re ann\u00e9e \u00e0 la Haute \u00c9cole des Arts du Rhin un aper\u00e7u de la p\u00e9dagogie et de la dynamique de travail au sein de cet atelier. [&hellip;]<\/p>\n","protected":false},"author":1,"featured_media":792,"comment_status":"closed","ping_status":"open","sticky":false,"template":"","format":"standard","meta":[],"categories":[1],"tags":[],"acf":[],"_links":{"self":[{"href":"http:\/\/www.hear.fr\/sites\/atelierlivre\/wp-json\/wp\/v2\/posts\/791"}],"collection":[{"href":"http:\/\/www.hear.fr\/sites\/atelierlivre\/wp-json\/wp\/v2\/posts"}],"about":[{"href":"http:\/\/www.hear.fr\/sites\/atelierlivre\/wp-json\/wp\/v2\/types\/post"}],"author":[{"embeddable":true,"href":"http:\/\/www.hear.fr\/sites\/atelierlivre\/wp-json\/wp\/v2\/users\/1"}],"replies":[{"embeddable":true,"href":"http:\/\/www.hear.fr\/sites\/atelierlivre\/wp-json\/wp\/v2\/comments?post=791"}],"version-history":[{"count":10,"href":"http:\/\/www.hear.fr\/sites\/atelierlivre\/wp-json\/wp\/v2\/posts\/791\/revisions"}],"predecessor-version":[{"id":3202,"href":"http:\/\/www.hear.fr\/sites\/atelierlivre\/wp-json\/wp\/v2\/posts\/791\/revisions\/3202"}],"wp:featuredmedia":[{"embeddable":true,"href":"http:\/\/www.hear.fr\/sites\/atelierlivre\/wp-json\/wp\/v2\/media\/792"}],"wp:attachment":[{"href":"http:\/\/www.hear.fr\/sites\/atelierlivre\/wp-json\/wp\/v2\/media?parent=791"}],"wp:term":[{"taxonomy":"category","embeddable":true,"href":"http:\/\/www.hear.fr\/sites\/atelierlivre\/wp-json\/wp\/v2\/categories?post=791"},{"taxonomy":"post_tag","embeddable":true,"href":"http:\/\/www.hear.fr\/sites\/atelierlivre\/wp-json\/wp\/v2\/tags?post=791"}],"curies":[{"name":"wp","href":"https:\/\/api.w.org\/{rel}","templated":true}]}}